{"id":1433,"date":"2018-11-16T10:43:21","date_gmt":"2018-11-16T13:43:21","guid":{"rendered":"https:\/\/www.omintassistance.com.ar\/blog\/?p=1433"},"modified":"2023-09-11T16:10:14","modified_gmt":"2023-09-11T19:10:14","slug":"vacuna_fiebre_amarilla_brasil","status":"publish","type":"post","link":"https:\/\/www.omintassistance.com.ar\/blog\/vacuna_fiebre_amarilla_brasil\/","title":{"rendered":"Vacunaci\u00f3n contra la fiebre amarilla"},"content":{"rendered":"<p>Si quer\u00e9s ir a Brasil en tus pr\u00f3ximas vacaciones, es importante tener en cuenta que sigue vigente la recomendaci\u00f3n de colocaci\u00f3n de vacuna contra la fiebre amarilla para viajeros a este destino.<\/p>\n<p>Durante este a\u00f1o se notificaron 7 casos <sup>1 <\/sup>de Fiebre Amarilla en viajeros argentinos, de los cuales tres han fallecido por esta infecci\u00f3n adquirida durante su viaje a Brasil y una de las v\u00edctimas pereci\u00f3 a pesar de haberse recurrido a un trasplante hep\u00e1tico por la severidad del cuadro cl\u00ednico.<\/p>\n<p><strong>Los<\/strong><strong> estados brasileros para los cuales el Ministerio de Salud Argentino recomienda la vacunaci\u00f3n son<\/strong>:<\/p>\n<ul>\n<li>Paran\u00e1, Santa Catarina y R\u00edo Grande do Sul (incorporados en marzo 2018)<\/li>\n<li>R\u00edo de Janeiro (adem\u00e1s de inmunizarse si se viaja al estado, las autoridades sugieren directamente\u00a0<strong>evitar el destino de Ilha Grande<\/strong>, dada la situaci\u00f3n epidemiol\u00f3gica actual).<\/li>\n<li>Minas Gerais<\/li>\n<li>San Pablo<\/li>\n<li>Esp\u00edritu Santo<\/li>\n<li>Bah\u00eda<\/li>\n<\/ul>\n<p>Si bien la vacuna no es un requerimiento obligatorio para el ingreso a Brasil es la \u00fanica herramienta existente para prevenir el contagio de la enfermedad, que hasta el momento no tiene tratamiento durante la infecci\u00f3n aguda y su letalidad es muy alta.<\/p>\n<p>En la actualidad, los vacunatorios privados carecen de este recurso, debido a un problema en la dispensaci\u00f3n por parte de los laboratorios productores.<\/p>\n<p>Las opciones vigentes para toda la poblaci\u00f3n son vacunatorios p\u00fablicos, que se encuentran distribuidos en todas las provincias pero, dada la alta demanda debida a la cercan\u00eda del inicio de vacaciones de verano, hace que muchos de estos centros se encuentren desbordados.<\/p>\n<p>Por esta raz\u00f3n, si est\u00e1s planeando un viaje a Brasil, lo recomendable es solicitar un turno con antelaci\u00f3n, ya que los mismos se encuentran con 30 d\u00edas de demora.<\/p>\n<p>En varios medios de informaci\u00f3n circularon comentarios extraoficiales diciendo que si una persona no consigue un turno online y esta pronto a viajar, podr\u00e1 presentarse con el pasaje o el comprobante del viaje impreso en Sanidad de Fronteras de Capital Federal para que se le aplique la vacuna. Creemos que la veracidad de esta informaci\u00f3n es dudosa y puede no ser efectiva.<\/p>\n<p>Esta vacuna, est\u00e1 compuesta por virus vivos, por lo que tiene sus restricciones en la indicaci\u00f3n de la misma.<\/p>\n<p>En Capital Federal, los centros p\u00fablicos de vacunaci\u00f3n son dos, y la solicitud de turnos es por internet:<\/p>\n<ol>\n<li><strong><u>Sanidad de Fronteras:<\/u><\/strong><\/li>\n<\/ol>\n<p>Av. Pedro de Mendoza S\/N y Blanes debajo de la Autopista enfrente de Colonia Express, La Boca, CABA<br \/>\nLunes a viernes de 10 a 15 hs.<br \/>\nTel.: 011 5273-4604.<br \/>\nCorreo electr\u00f3nico:\u00a0<a href=\"mailto:fiebreamarillamsal@gmail.com\">fiebreamarillamsal@gmail.com<\/a><\/p>\n<p><u>Link turnos:<\/u> <a href=\"https:\/\/www.argentina.gob.ar\/salud\/fiebreamarilla\">https:\/\/www.argentina.gob.ar\/salud\/fiebreamarilla<\/a><\/p>\n<ol start=\"2\">\n<li><strong>Direcci\u00f3n de Inmunizaciones:<\/strong><\/li>\n<\/ol>\n<p>Se otorgar\u00e1n los turnos y, una vez asignado, se derivar\u00e1 a las diferentes instituciones y hospitales p\u00fablicos de la Ciudad de Buenos Aires.<\/p>\n<p>Solicitar turno al tel\u00e9fono: 147 (de lunes a viernes de 7 a 24; s\u00e1bados, domingos y feriados, de 8 a 14).<\/p>\n<p>Para el resto de las personas que deseen procurar informaci\u00f3n sobre sitios de vacunaci\u00f3n en el resto del pa\u00eds, pueden obtener informaci\u00f3n en el siguiente link de la Secretar\u00eda de Salud de la Naci\u00f3n Argentina:<\/p>\n<p><a href=\"https:\/\/www.argentina.gob.ar\/salud\/viajeros\/vacunatoriosfiebreamarilla\">https:\/\/www.argentina.gob.ar\/salud\/viajeros\/vacunatoriosfiebreamarilla<\/a><\/p>\n<p>Ante dudas del destino elegido para tus vacaciones y el requerimiento de vacuna, o si uno padece contra indicaciones para la misma, les recomendamos siempre realizar la consulta con profesionales especializados en medicina del viajero, para asesorarse sobre la inmunizaci\u00f3n y otras herramientas efectivas durante el viaje.<\/p>\n<p>Para saber m\u00e1s sobre esta vacuna y sus las indicaciones, te recomendamos el \u00faltimo art\u00edculo sobre\u00a0fiebre amarilla : <a href=\"https:\/\/www.omintassistance.com.ar\/blog\/fiebre-amarilla-viajeros-a-brasil\/\">https:\/\/www.omintassistance.com.ar\/blog\/fiebre-amarilla-viajeros-a-brasil\/<\/a><\/p>\n<p><strong>Dr. Jos\u00e9 Ignacio Carranza<\/strong><\/p>\n<p>MN: 129607<\/p>\n<p><strong>Dr. Hugo Domingo Manso<\/strong><\/p>\n<p>MN: 73598<\/p>\n<p><em>Medicina Internacional Omint Assistance<\/em><\/p>\n<p><sup>1<\/sup> https:\/\/www.argentina.gob.ar\/sites\/default\/files\/2018-02_alerta-2_caso-importado-fiebre-amarilla1.pdf<\/p>\n","protected":false},"excerpt":{"rendered":"<p>Si quer\u00e9s ir a Brasil en tus pr\u00f3ximas vacaciones, es importante tener en cuenta que sigue vigente la recomendaci\u00f3n de colocaci\u00f3n de vacuna contra la fiebre amarilla para viajeros a este destino. Durante este a\u00f1o se notificaron 7 casos 1 de Fiebre Amarilla en viajeros argentinos, de los cuales tres han fallecido por esta infecci\u00f3n adquirida durante su viaje a Brasil y una de las v\u00edctimas pereci\u00f3 a pesar de haberse recurrido a un trasplante hep\u00e1tico por la severidad del cuadro cl\u00ednico. Los estados brasileros para los cuales el Ministerio de Salud Argentino recomienda la vacunaci\u00f3n son: Paran\u00e1, Santa Catarina y R\u00edo Grande do Sul (incorporados en marzo 2018) R\u00edo de Janeiro (adem\u00e1s de inmunizarse si se viaja al estado, las autoridades sugieren directamente\u00a0evitar el destino de Ilha Grande, dada la situaci\u00f3n epidemiol\u00f3gica actual). Minas Gerais San Pablo Esp\u00edritu Santo Bah\u00eda Si bien la vacuna no es un requerimiento obligatorio para el ingreso a Brasil es la \u00fanica herramienta existente para prevenir el contagio de la enfermedad, que hasta el momento no tiene tratamiento durante la infecci\u00f3n aguda y su letalidad es muy alta. En la actualidad, los vacunatorios privados carecen de este recurso, debido a un problema en la [&hellip;]<\/p>\n","protected":false},"author":6,"featured_media":1434,"comment_status":"closed","ping_status":"closed","sticky":false,"template":"","format":"image","meta":{"footnotes":""},"categories":[182],"tags":[83,82,60,95,126,43],"class_list":["post-1433","post","type-post","status-publish","format-image","has-post-thumbnail","hentry","category-prevencion-enfermedades-actuales","tag-brasil","tag-fiebre-amarilla","tag-prevencion","tag-vacaciones","tag-vacunas","tag-viajar-con-ninos","post_format-post-format-image"],"yoast_head":"<!-- This site is optimized with the Yoast SEO plugin v26.1.1 - https:\/\/yoast.com\/wordpress\/plugins\/seo\/ -->\r\n<title>Vacunaci\u00f3n contra la fiebre amarilla | Omint Assistance Blog<\/title>\r\n<meta name=\"description\" content=\"Si quer\u00e9s ir a Brasil en tus pr\u00f3ximas vacaciones, es importante tener en cuenta la recomendaci\u00f3n de colocaci\u00f3n de vacuna para viajeros a este destino.\" \/>\r\n<meta name=\"robots\" content=\"index, follow, max-snippet:-1, max-image-preview:large, max-video-preview:-1\" \/>\r\n<link rel=\"canonical\" href=\"https:\/\/www.omintassistance.com.ar\/blog\/vacuna_fiebre_amarilla_brasil\/\" \/>\r\n<meta property=\"og:locale\" content=\"es_ES\" \/>\r\n<meta property=\"og:type\" content=\"article\" \/>\r\n<meta property=\"og:title\" content=\"Vacunaci\u00f3n contra la fiebre amarilla | Omint Assistance Blog\" \/>\r\n<meta property=\"og:description\" content=\"Si quer\u00e9s ir a Brasil en tus pr\u00f3ximas vacaciones, es importante tener en cuenta la recomendaci\u00f3n de colocaci\u00f3n de vacuna para viajeros a este destino.\" \/>\r\n<meta property=\"og:url\" content=\"https:\/\/www.omintassistance.com.ar\/blog\/vacuna_fiebre_amarilla_brasil\/\" \/>\r\n<meta property=\"og:site_name\" content=\"OMINT Assistance - Blog\" \/>\r\n<meta property=\"article:published_time\" content=\"2018-11-16T13:43:21+00:00\" \/>\r\n<meta property=\"article:modified_time\" content=\"2023-09-11T19:10:14+00:00\" \/>\r\n<meta property=\"og:image\" content=\"https:\/\/www.omintassistance.com.ar\/blog\/wp-content\/uploads\/2018\/11\/rawpixel-593598-unsplash.jpg\" \/>\r\n\t<meta property=\"og:image:width\" content=\"2500\" \/>\r\n\t<meta property=\"og:image:height\" content=\"1569\" \/>\r\n\t<meta property=\"og:image:type\" content=\"image\/jpeg\" \/>\r\n<meta name=\"author\" content=\"Jose Ignacio Carranza\" \/>\r\n<meta name=\"twitter:card\" content=\"summary_large_image\" \/>\r\n<meta name=\"twitter:label1\" content=\"Written by\" \/>\n\t<meta name=\"twitter:data1\" content=\"Jose Ignacio Carranza\" \/>\n\t<meta name=\"twitter:label2\" content=\"Est. reading time\" \/>\n\t<meta name=\"twitter:data2\" content=\"3 minutos\" \/>\r\n<script type=\"application\/ld+json\" class=\"yoast-schema-graph\">{\"@context\":\"https:\/\/schema.org\",\"@graph\":[{\"@type\":\"WebPage\",\"@id\":\"https:\/\/www.omintassistance.com.ar\/blog\/vacuna_fiebre_amarilla_brasil\/\",\"url\":\"https:\/\/www.omintassistance.com.ar\/blog\/vacuna_fiebre_amarilla_brasil\/\",\"name\":\"Vacunaci\u00f3n contra la fiebre amarilla | Omint Assistance Blog\",\"isPartOf\":{\"@id\":\"https:\/\/www.omintassistance.com.ar\/blog\/#website\"},\"primaryImageOfPage\":{\"@id\":\"https:\/\/www.omintassistance.com.ar\/blog\/vacuna_fiebre_amarilla_brasil\/#primaryimage\"},\"image\":{\"@id\":\"https:\/\/www.omintassistance.com.ar\/blog\/vacuna_fiebre_amarilla_brasil\/#primaryimage\"},\"thumbnailUrl\":\"https:\/\/www.omintassistance.com.ar\/blog\/wp-content\/uploads\/2018\/11\/rawpixel-593598-unsplash.jpg\",\"datePublished\":\"2018-11-16T13:43:21+00:00\",\"dateModified\":\"2023-09-11T19:10:14+00:00\",\"author\":{\"@id\":\"https:\/\/www.omintassistance.com.ar\/blog\/#\/schema\/person\/c99520b38626cce45177758b1ccb3d3d\"},\"description\":\"Si quer\u00e9s ir a Brasil en tus pr\u00f3ximas vacaciones, es importante tener en cuenta la recomendaci\u00f3n de colocaci\u00f3n de vacuna para viajeros a este destino.\",\"breadcrumb\":{\"@id\":\"https:\/\/www.omintassistance.com.ar\/blog\/vacuna_fiebre_amarilla_brasil\/#breadcrumb\"},\"inLanguage\":\"es-AR\",\"potentialAction\":[{\"@type\":\"ReadAction\",\"target\":[\"https:\/\/www.omintassistance.com.ar\/blog\/vacuna_fiebre_amarilla_brasil\/\"]}]},{\"@type\":\"ImageObject\",\"inLanguage\":\"es-AR\",\"@id\":\"https:\/\/www.omintassistance.com.ar\/blog\/vacuna_fiebre_amarilla_brasil\/#primaryimage\",\"url\":\"https:\/\/www.omintassistance.com.ar\/blog\/wp-content\/uploads\/2018\/11\/rawpixel-593598-unsplash.jpg\",\"contentUrl\":\"https:\/\/www.omintassistance.com.ar\/blog\/wp-content\/uploads\/2018\/11\/rawpixel-593598-unsplash.jpg\",\"width\":2500,\"height\":1569,\"caption\":\"Encontr\u00e1 toda la informaci\u00f3n sobre su aplicaci\u00f3n\"},{\"@type\":\"BreadcrumbList\",\"@id\":\"https:\/\/www.omintassistance.com.ar\/blog\/vacuna_fiebre_amarilla_brasil\/#breadcrumb\",\"itemListElement\":[{\"@type\":\"ListItem\",\"position\":1,\"name\":\"Home\",\"item\":\"https:\/\/www.omintassistance.com.ar\/blog\/\"},{\"@type\":\"ListItem\",\"position\":2,\"name\":\"Vacunaci\u00f3n contra la fiebre amarilla\"}]},{\"@type\":\"WebSite\",\"@id\":\"https:\/\/www.omintassistance.com.ar\/blog\/#website\",\"url\":\"https:\/\/www.omintassistance.com.ar\/blog\/\",\"name\":\"OMINT Assistance - Blog\",\"description\":\"\",\"potentialAction\":[{\"@type\":\"SearchAction\",\"target\":{\"@type\":\"EntryPoint\",\"urlTemplate\":\"https:\/\/www.omintassistance.com.ar\/blog\/?s={search_term_string}\"},\"query-input\":{\"@type\":\"PropertyValueSpecification\",\"valueRequired\":true,\"valueName\":\"search_term_string\"}}],\"inLanguage\":\"es-AR\"},{\"@type\":\"Person\",\"@id\":\"https:\/\/www.omintassistance.com.ar\/blog\/#\/schema\/person\/c99520b38626cce45177758b1ccb3d3d\",\"name\":\"Jose Ignacio Carranza\",\"image\":{\"@type\":\"ImageObject\",\"inLanguage\":\"es-AR\",\"@id\":\"https:\/\/www.omintassistance.com.ar\/blog\/#\/schema\/person\/image\/\",\"url\":\"https:\/\/secure.gravatar.com\/avatar\/a3952b61b13a702107bdbc321fdd3b7d8e65a2b2f7341758a7f425202edbd848?s=96&d=mm&r=g\",\"contentUrl\":\"https:\/\/secure.gravatar.com\/avatar\/a3952b61b13a702107bdbc321fdd3b7d8e65a2b2f7341758a7f425202edbd848?s=96&d=mm&r=g\",\"caption\":\"Jose Ignacio Carranza\"},\"url\":\"https:\/\/www.omintassistance.com.ar\/blog\/author\/jose-ignacio-carranza\/\"}]}<\/script>\r\n<!-- \/ Yoast SEO plugin. -->","yoast_head_json":{"title":"Vacunaci\u00f3n contra la fiebre amarilla | Omint Assistance Blog","description":"Si quer\u00e9s ir a Brasil en tus pr\u00f3ximas vacaciones, es importante tener en cuenta la recomendaci\u00f3n de colocaci\u00f3n de vacuna para viajeros a este destino.","robots":{"index":"index","follow":"follow","max-snippet":"max-snippet:-1","max-image-preview":"max-image-preview:large","max-video-preview":"max-video-preview:-1"},"canonical":"https:\/\/www.omintassistance.com.ar\/blog\/vacuna_fiebre_amarilla_brasil\/","og_locale":"es_ES","og_type":"article","og_title":"Vacunaci\u00f3n contra la fiebre amarilla | Omint Assistance Blog","og_description":"Si quer\u00e9s ir a Brasil en tus pr\u00f3ximas vacaciones, es importante tener en cuenta la recomendaci\u00f3n de colocaci\u00f3n de vacuna para viajeros a este destino.","og_url":"https:\/\/www.omintassistance.com.ar\/blog\/vacuna_fiebre_amarilla_brasil\/","og_site_name":"OMINT Assistance - Blog","article_published_time":"2018-11-16T13:43:21+00:00","article_modified_time":"2023-09-11T19:10:14+00:00","og_image":[{"width":2500,"height":1569,"url":"https:\/\/www.omintassistance.com.ar\/blog\/wp-content\/uploads\/2018\/11\/rawpixel-593598-unsplash.jpg","type":"image\/jpeg"}],"author":"Jose Ignacio Carranza","twitter_card":"summary_large_image","twitter_misc":{"Written by":"Jose Ignacio Carranza","Est. reading time":"3 minutos"},"schema":{"@context":"https:\/\/schema.org","@graph":[{"@type":"WebPage","@id":"https:\/\/www.omintassistance.com.ar\/blog\/vacuna_fiebre_amarilla_brasil\/","url":"https:\/\/www.omintassistance.com.ar\/blog\/vacuna_fiebre_amarilla_brasil\/","name":"Vacunaci\u00f3n contra la fiebre amarilla | Omint Assistance Blog","isPartOf":{"@id":"https:\/\/www.omintassistance.com.ar\/blog\/#website"},"primaryImageOfPage":{"@id":"https:\/\/www.omintassistance.com.ar\/blog\/vacuna_fiebre_amarilla_brasil\/#primaryimage"},"image":{"@id":"https:\/\/www.omintassistance.com.ar\/blog\/vacuna_fiebre_amarilla_brasil\/#primaryimage"},"thumbnailUrl":"https:\/\/www.omintassistance.com.ar\/blog\/wp-content\/uploads\/2018\/11\/rawpixel-593598-unsplash.jpg","datePublished":"2018-11-16T13:43:21+00:00","dateModified":"2023-09-11T19:10:14+00:00","author":{"@id":"https:\/\/www.omintassistance.com.ar\/blog\/#\/schema\/person\/c99520b38626cce45177758b1ccb3d3d"},"description":"Si quer\u00e9s ir a Brasil en tus pr\u00f3ximas vacaciones, es importante tener en cuenta la recomendaci\u00f3n de colocaci\u00f3n de vacuna para viajeros a este destino.","breadcrumb":{"@id":"https:\/\/www.omintassistance.com.ar\/blog\/vacuna_fiebre_amarilla_brasil\/#breadcrumb"},"inLanguage":"es-AR","potentialAction":[{"@type":"ReadAction","target":["https:\/\/www.omintassistance.com.ar\/blog\/vacuna_fiebre_amarilla_brasil\/"]}]},{"@type":"ImageObject","inLanguage":"es-AR","@id":"https:\/\/www.omintassistance.com.ar\/blog\/vacuna_fiebre_amarilla_brasil\/#primaryimage","url":"https:\/\/www.omintassistance.com.ar\/blog\/wp-content\/uploads\/2018\/11\/rawpixel-593598-unsplash.jpg","contentUrl":"https:\/\/www.omintassistance.com.ar\/blog\/wp-content\/uploads\/2018\/11\/rawpixel-593598-unsplash.jpg","width":2500,"height":1569,"caption":"Encontr\u00e1 toda la informaci\u00f3n sobre su aplicaci\u00f3n"},{"@type":"BreadcrumbList","@id":"https:\/\/www.omintassistance.com.ar\/blog\/vacuna_fiebre_amarilla_brasil\/#breadcrumb","itemListElement":[{"@type":"ListItem","position":1,"name":"Home","item":"https:\/\/www.omintassistance.com.ar\/blog\/"},{"@type":"ListItem","position":2,"name":"Vacunaci\u00f3n contra la fiebre amarilla"}]},{"@type":"WebSite","@id":"https:\/\/www.omintassistance.com.ar\/blog\/#website","url":"https:\/\/www.omintassistance.com.ar\/blog\/","name":"OMINT Assistance - Blog","description":"","potentialAction":[{"@type":"SearchAction","target":{"@type":"EntryPoint","urlTemplate":"https:\/\/www.omintassistance.com.ar\/blog\/?s={search_term_string}"},"query-input":{"@type":"PropertyValueSpecification","valueRequired":true,"valueName":"search_term_string"}}],"inLanguage":"es-AR"},{"@type":"Person","@id":"https:\/\/www.omintassistance.com.ar\/blog\/#\/schema\/person\/c99520b38626cce45177758b1ccb3d3d","name":"Jose Ignacio Carranza","image":{"@type":"ImageObject","inLanguage":"es-AR","@id":"https:\/\/www.omintassistance.com.ar\/blog\/#\/schema\/person\/image\/","url":"https:\/\/secure.gravatar.com\/avatar\/a3952b61b13a702107bdbc321fdd3b7d8e65a2b2f7341758a7f425202edbd848?s=96&d=mm&r=g","contentUrl":"https:\/\/secure.gravatar.com\/avatar\/a3952b61b13a702107bdbc321fdd3b7d8e65a2b2f7341758a7f425202edbd848?s=96&d=mm&r=g","caption":"Jose Ignacio Carranza"},"url":"https:\/\/www.omintassistance.com.ar\/blog\/author\/jose-ignacio-carranza\/"}]}},"_links":{"self":[{"href":"https:\/\/www.omintassistance.com.ar\/blog\/wp-json\/wp\/v2\/posts\/1433","targetHints":{"allow":["GET"]}}],"collection":[{"href":"https:\/\/www.omintassistance.com.ar\/blog\/wp-json\/wp\/v2\/posts"}],"about":[{"href":"https:\/\/www.omintassistance.com.ar\/blog\/wp-json\/wp\/v2\/types\/post"}],"author":[{"embeddable":true,"href":"https:\/\/www.omintassistance.com.ar\/blog\/wp-json\/wp\/v2\/users\/6"}],"replies":[{"embeddable":true,"href":"https:\/\/www.omintassistance.com.ar\/blog\/wp-json\/wp\/v2\/comments?post=1433"}],"version-history":[{"count":0,"href":"https:\/\/www.omintassistance.com.ar\/blog\/wp-json\/wp\/v2\/posts\/1433\/revisions"}],"wp:featuredmedia":[{"embeddable":true,"href":"https:\/\/www.omintassistance.com.ar\/blog\/wp-json\/wp\/v2\/media\/1434"}],"wp:attachment":[{"href":"https:\/\/www.omintassistance.com.ar\/blog\/wp-json\/wp\/v2\/media?parent=1433"}],"wp:term":[{"taxonomy":"category","embeddable":true,"href":"https:\/\/www.omintassistance.com.ar\/blog\/wp-json\/wp\/v2\/categories?post=1433"},{"taxonomy":"post_tag","embeddable":true,"href":"https:\/\/www.omintassistance.com.ar\/blog\/wp-json\/wp\/v2\/tags?post=1433"}],"curies":[{"name":"wp","href":"https:\/\/api.w.org\/{rel}","templated":true}]}}